[{"@context":"https:\/\/schema.org\/","@type":"Article","@id":"https:\/\/www.cvanu.sk\/uslachtilej-material-za-rozumnu-cenu\/#Article","mainEntityOfPage":"https:\/\/www.cvanu.sk\/uslachtilej-material-za-rozumnu-cenu\/","headline":"U\u0161\u013eachtilej materi\u00e1l  za rozumn\u00fa cenu","name":"U\u0161\u013eachtilej materi\u00e1l  za rozumn\u00fa cenu","description":"Kolegovia aj priatelia ale to m\u00e1me dnes de\u0148 ani psa nie je hodno vyhna\u0165 von u n\u00e1s na Z\u00e1padnom Slovensku leje a ve\u013ek\u00fd f\u00faka vietor\u00a0bola som r\u00e1no na po\u0161te pre bal\u00edky e\u0161te som aj kuri\u00e9ra \u010dakala pri\u0161li mi u\u017e dar\u010deky po Viano\u010dn\u00fd strom\u010dek sebe oble\u010denie mame drog\u00e9ria aj kamo\u0161ka m\u00e1 kozmetiku objednan\u00fa \u010dlovek sa aspo\u0148 [&hellip;]","datePublished":"2023-03-06","dateModified":"2024-02-21","author":{"@type":"Person","@id":"https:\/\/www.cvanu.sk\/author\/#Person","name":"","url":"https:\/\/www.cvanu.sk\/author\/","identifier":1,"image":{"@type":"ImageObject","@id":"https:\/\/secure.gravatar.com\/avatar\/1aa4d33840e2afc29128e2a456d425ca0d17b173c888af2db652b1d34fe6f93d?s=96&d=mm&r=g","url":"https:\/\/secure.gravatar.com\/avatar\/1aa4d33840e2afc29128e2a456d425ca0d17b173c888af2db652b1d34fe6f93d?s=96&d=mm&r=g","height":96,"width":96}},"publisher":{"@type":"Organization","name":"cvanu.sk","logo":{"@type":"ImageObject","@id":"\/logo.png","url":"\/logo.png","width":600,"height":60}},"image":{"@type":"ImageObject","@id":"https:\/\/www.cvanu.sk\/wp-content\/uploads\/expocosmetica-1312202_1280-2_1.jpg","url":"https:\/\/www.cvanu.sk\/wp-content\/uploads\/expocosmetica-1312202_1280-2_1.jpg","height":0,"width":0},"url":"https:\/\/www.cvanu.sk\/uslachtilej-material-za-rozumnu-cenu\/","about":["M\u00f3da"],"wordCount":655,"articleBody":"Kolegovia aj priatelia ale to m\u00e1me dnes de\u0148 ani psa nie je hodno vyhna\u0165 von u n\u00e1s na Z\u00e1padnom Slovensku leje a ve\u013ek\u00fd f\u00faka vietor\u00a0bola som r\u00e1no na po\u0161te pre bal\u00edky e\u0161te som aj kuri\u00e9ra \u010dakala pri\u0161li mi u\u017e dar\u010deky po Viano\u010dn\u00fd strom\u010dek sebe oble\u010denie mame drog\u00e9ria aj kamo\u0161ka m\u00e1 kozmetiku objednan\u00fa \u010dlovek sa aspo\u0148 trochu pote\u0161\u00ed. Objednala som si pekn\u00fd viano\u010dn\u00fd pul\u00f3ver je v zelenej farby je na \u0148om snehuliak e\u0161te vysok\u00e9 ko\u017eene \u010di\u017emy m\u00e1 mal\u00fd op\u00e4tok dva cm to sta\u010d\u00ed na zimu a e\u0161te sat\u00e9nov\u00e9 py\u017eamo letn\u00e9 a \u0161irok\u00e9 nohavice e\u0161te si nie\u010do od nich online objedn\u00e1m poslali mi kup\u00f3n na z\u013eavu a u\u0161etr\u00edte \u010das\u00a0aj peniaze ke\u010f nakupujem udr\u017eate\u013en\u00fa m\u00f3du chr\u00e1nim pr\u00edrodu aj tak trochu finan\u010dn\u00fd rozpo\u010det a ve\u013emi s\u00fa to kvalitn\u00e9 a nov\u00e9 k\u00fasky oble\u010denia je to online obchod REMIX som ve\u013emi spokojn\u00e1 s\u00fa to elegantn\u00e9 veci ja som tak\u00e1 typick\u00fd n\u00e1kupn\u00fd maniak aj za menej pe\u0148az\u00ed sa d\u00e1 kvalita k\u00fapi\u0165 nie som milion\u00e1r oba bal\u00edky ma v\u00fd\u0161i 48 euro raz za \u010das si to \u010dlovek m\u00f4\u017eem dovoli\u0165 s\u00fahlas\u00edte so mnou kolegovia u\u017e m\u00e1me pomaly v\u00edkend takzvan\u00e1 sobota, nede\u013ea ale to m\u00e1m tak\u00fd upratovanie ja aj \u010dasto periem som putni\u010dka m\u00e1m rada poriadok, \u010distotu s\u00edce sa hovor\u00ed \u017ee \u010distota p\u00f3l \u017eivota a \u0161pina cel\u00fd ale ja bordel a neoprat\u00e9 oble\u010denie neznesiem v mojich skriniach respekt\u00edve modernom pon\u00edman\u00ed \u0161atn\u00edk m\u00e1m aj mal\u00e9 skrinky a m\u00e1m aj priestor na ukladanie kabeliek, top\u00e1nok to je moja m\u00e1nia.V\u00fdhoda online obchod REMIX a podobne je \u017ee s\u00fa to zna\u010dkov\u00e9 v\u00fdrobky nie kadejak\u00e9 \u010d\u00ednske napodobneniny ktor\u00e9 smrdia s\u00fa napusten\u00e9 chemik\u00e1liami ke\u010f to periete tak to p\u00fa\u0161\u0165a farbu m\u00e1te na tele od toho alergiu a vyr\u00e1baj\u00fa v Indon\u00e9zii a podobne mal\u00e9 deti a \u013eudia za p\u00e1r halierov ako otroci ja by som t\u00fdch nadriaden\u00e9ho zavrela na do\u017eivotie a fabriku zavrela a podp\u00e1lila hnus. E\u0161te dnes mi pri\u0161iel bal\u00edk kozmetiky DERMACOL\u00a0 telov\u00fd g\u00e9l m\u00e1 jemn\u00e9 zrnie\u010dka a druh\u00fd je sprchovac\u00ed g\u00e9l v zelenej farbe. E\u0161te na po\u0161te m\u00e1m bal\u00edk kozmetiky za takmer 50 euro ale tam maj\u00fa aj kamo\u0161ky a mamine b\u00fdval\u00e9 kolegyne ja sa u\u017e te\u0161\u00edm ke\u010f a v\u017edy si spievam predstihu Viano\u010dn\u00fa piese\u0148 ro\u013en\u00ed\u010dky aj dva t\u00fd\u017edne prv smiech mojej mame ide tak trochu na nervy vtedy lebo to dookola spievam aj kamo\u0161ka sa smeje ke\u010f jej spom\u00edname mame objedn\u00e1m \u0161\u013eapky na doma pod strom\u010dek a nejak\u00fd tepl\u00fd dlh\u00fd pul\u00f3ver a kozmetiku k\u00fapim jej mydlo luxusn\u00e9 sprchovac\u00ed g\u00e9l a nov\u00fd dr\u017eiak do k\u00fape\u013ene nad va\u0148u.Teraz sa u\u017e p\u00e1r hod\u00edn ohrievam pri k\u00e1ve ,obede lebo som pri\u0161la zmoknut\u00e1 aj to pod d\u00e1\u017ednikom ako kur\u010da nem\u00e1m rada zl\u00e9 po\u010dasie pochm\u00farne jesenne a zimn\u00e9 dni ke\u010f skoro u\u017e tma des aj teraz je tak zamra\u010den\u00e9 \u017ee ledva vid\u00edm p\u00edsa\u0165 tento \u010dl\u00e1nok pripad\u00e1 ako keby boli nie takmer 15 hod\u00edn ale 19 hod\u00edn ve\u010der bo\u017ee kde na\u0161a milovan\u00e1 jar, leto to sa e\u0161te na\u010dak\u00e1me fakt najlep\u0161ie spa\u0165 ke\u010f\u00a0 je tak\u00e9to pr\u00ed\u0161ern\u00e9 po\u010dasie pr\u0161\u00ed ,pr\u0161\u00ed len sa leje nezatv\u00e1raj mil\u00e1 dvere mil\u00e1 ma du\u0161a m\u00e1 jaj ako by som si zaspievala no nem\u00e1m s k\u00fdm len sama jedine pr\u00e1\u010dka t\u00e1 \u017em\u00fdka a vyd\u00e1va pri tom zvuk do skor\u00e9ho videnia.                                                                                                                                                                                                                                                                                                                                                                                                 "},{"@context":"https:\/\/schema.org\/","@type":"BreadcrumbList","itemListElement":[{"@type":"ListItem","position":1,"name":"U\u0161\u013eachtilej materi\u00e1l  za rozumn\u00fa cenu","item":"https:\/\/www.cvanu.sk\/uslachtilej-material-za-rozumnu-cenu\/#breadcrumbitem"}]}]